{"id":4038,"date":"2021-09-29T18:21:21","date_gmt":"2021-09-29T16:21:21","guid":{"rendered":"https:\/\/www.etang-rivalais.fr\/clement-et-maxime-qui-auront-porte-leur-devolu-sur-la-voie-romaine-la-semaine-de\/"},"modified":"2026-03-14T20:16:01","modified_gmt":"2026-03-14T19:16:01","slug":"clement-et-maxime-qui-auront-porte-leur-devolu-sur-la-voie-romaine-la-semaine-de","status":"publish","type":"post","link":"http:\/\/www.etang-rivalais.fr\/nl\/clement-et-maxime-qui-auront-porte-leur-devolu-sur-la-voie-romaine-la-semaine-de\/","title":{"rendered":"Cl\u00e9ment et Maxime qui auront port\u00e9 leur d\u00e9volu sur la voie romaine la semaine de&#8230;"},"content":{"rendered":"<p>Cl\u00e9ment et Maxime qui auront port\u00e9 leur d\u00e9volu sur la voie romaine la semaine derni\u00e8re pour leur d\u00e9couverte du Domaine. Une belle session sur ce poste technique avec un panel de beaux poissons diff\u00e9rents. La tendance \u00e9tait aux d\u00e9parts de nuit. Manquait plus qu&rsquo;une ko\u00ef&#8230;Ce sera pour la prochaine fois \ud83d\ude0e\n<\/p>\n<p><a href=\"https:\/\/scontent-cdt1-1.xx.fbcdn.net\/v\/t1.6435-9\/243217645_1304400283353755_3810986201549963191_n.jpg?_nc_cat=110&#038;ccb=1-5&#038;_nc_sid=8bfeb9&#038;_nc_ohc=dVxEsW7iPbcAX8FSgk-&#038;_nc_ht=scontent-cdt1-1.xx&#038;oh=7fe1f458c428be968c6d7fb1a85713c3&#038;oe=6178553C\"><img decoding=\"async\" class=\"wp_automatic_fb_img\" title=\"\" src=\"https:\/\/scontent-cdt1-1.xx.fbcdn.net\/v\/t1.6435-9\/243217645_1304400283353755_3810986201549963191_n.jpg?_nc_cat=110&#038;ccb=1-5&#038;_nc_sid=8bfeb9&#038;_nc_ohc=dVxEsW7iPbcAX8FSgk-&#038;_nc_ht=scontent-cdt1-1.xx&#038;oh=7fe1f458c428be968c6d7fb1a85713c3&#038;oe=6178553C\" \/><\/a><br \/><a href=\"https:\/\/scontent-cdg2-1.xx.fbcdn.net\/v\/t1.6435-9\/243217989_1304400470020403_2197859995466422003_n.jpg?_nc_cat=104&#038;ccb=1-5&#038;_nc_sid=8bfeb9&#038;_nc_ohc=6YojH1WayGQAX-zjB4M&#038;_nc_ht=scontent-cdg2-1.xx&#038;oh=a01e229a58fa4b18c9da8d39c50eee9b&#038;oe=617ADD89\"><img decoding=\"async\" class=\"wp_automatic_fb_img\" title=\"\" src=\"https:\/\/scontent-cdg2-1.xx.fbcdn.net\/v\/t1.6435-9\/243217989_1304400470020403_2197859995466422003_n.jpg?_nc_cat=104&#038;ccb=1-5&#038;_nc_sid=8bfeb9&#038;_nc_ohc=6YojH1WayGQAX-zjB4M&#038;_nc_ht=scontent-cdg2-1.xx&#038;oh=a01e229a58fa4b18c9da8d39c50eee9b&#038;oe=617ADD89\" \/><\/a><br \/><a href=\"https:\/\/scontent-cdg2-1.xx.fbcdn.net\/v\/t1.6435-9\/243318783_1304400716687045_6045316207480814000_n.jpg?_nc_cat=108&#038;ccb=1-5&#038;_nc_sid=8bfeb9&#038;_nc_ohc=oVpaIeHc8hUAX_W46y-&#038;_nc_ht=scontent-cdg2-1.xx&#038;oh=bcdc221a7f1c1e5f8c3b2edfdb3a2d37&#038;oe=617A70D0\"><img decoding=\"async\" class=\"wp_automatic_fb_img\" title=\"\" src=\"https:\/\/scontent-cdg2-1.xx.fbcdn.net\/v\/t1.6435-9\/243318783_1304400716687045_6045316207480814000_n.jpg?_nc_cat=108&#038;ccb=1-5&#038;_nc_sid=8bfeb9&#038;_nc_ohc=oVpaIeHc8hUAX_W46y-&#038;_nc_ht=scontent-cdg2-1.xx&#038;oh=bcdc221a7f1c1e5f8c3b2edfdb3a2d37&#038;oe=617A70D0\" \/><\/a><br \/><a href=\"https:\/\/scontent-cdt1-1.xx.fbcdn.net\/v\/t1.6435-9\/243260038_1304400916687025_5843175070908284948_n.jpg?_nc_cat=101&#038;ccb=1-5&#038;_nc_sid=8bfeb9&#038;_nc_ohc=-BMJtSFITV0AX9uKcla&#038;_nc_ht=scontent-cdt1-1.xx&#038;oh=5e7c1ba18292c8b0c88aa86ea22a1a30&#038;oe=617A0A84\"><img decoding=\"async\" class=\"wp_automatic_fb_img\" title=\"\" src=\"https:\/\/scontent-cdt1-1.xx.fbcdn.net\/v\/t1.6435-9\/243260038_1304400916687025_5843175070908284948_n.jpg?_nc_cat=101&#038;ccb=1-5&#038;_nc_sid=8bfeb9&#038;_nc_ohc=-BMJtSFITV0AX9uKcla&#038;_nc_ht=scontent-cdt1-1.xx&#038;oh=5e7c1ba18292c8b0c88aa86ea22a1a30&#038;oe=617A0A84\" \/><\/a><br \/><a href=\"https:\/\/scontent-cdg2-1.xx.fbcdn.net\/v\/t1.6435-9\/243240576_1304401070020343_3856732886329650706_n.jpg?_nc_cat=102&#038;ccb=1-5&#038;_nc_sid=8bfeb9&#038;_nc_ohc=N3LIRdKtmlsAX-qVcBT&#038;_nc_ht=scontent-cdg2-1.xx&#038;oh=7316ff364a6ea8d05dd14d80831485a5&#038;oe=61797C98\"><img decoding=\"async\" class=\"wp_automatic_fb_img\" title=\"\" src=\"https:\/\/scontent-cdg2-1.xx.fbcdn.net\/v\/t1.6435-9\/243240576_1304401070020343_3856732886329650706_n.jpg?_nc_cat=102&#038;ccb=1-5&#038;_nc_sid=8bfeb9&#038;_nc_ohc=N3LIRdKtmlsAX-qVcBT&#038;_nc_ht=scontent-cdg2-1.xx&#038;oh=7316ff364a6ea8d05dd14d80831485a5&#038;oe=61797C98\" \/><\/a><br \/>\n\n<br \/><a href=\"https:\/\/www.facebook.com\/655378111589312\/posts\/1304402880020162\">Source: Rivalais Facebook<\/a>  <\/p>","protected":false},"excerpt":{"rendered":"<p>Cl\u00e9ment et Maxime qui auront port\u00e9 leur d\u00e9volu sur la voie romaine la semaine derni\u00e8re pour leur d\u00e9couverte du Domaine. [&hellip;]<\/p>\n","protected":false},"author":1,"featured_media":4039,"comment_status":"closed","ping_status":"closed","sticky":false,"template":"","format":"standard","meta":{"site-sidebar-layout":"default","site-content-layout":"","ast-site-content-layout":"default","site-content-style":"default","site-sidebar-style":"default","ast-global-header-display":"","ast-banner-title-visibility":"","ast-main-header-display":"","ast-hfb-above-header-display":"","ast-hfb-below-header-display":"","ast-hfb-mobile-header-display":"","site-post-title":"","ast-breadcrumbs-content":"","ast-featured-img":"","footer-sml-layout":"","ast-disable-related-posts":"","theme-transparent-header-meta":"","adv-header-id-meta":"","stick-header-meta":"","header-above-stick-meta":"","header-main-stick-meta":"","header-below-stick-meta":"","astra-migrate-meta-layouts":"default","ast-page-background-enabled":"default","ast-page-background-meta":{"desktop":{"background-color":"","background-image":"","background-repeat":"repeat","background-position":"center center","background-size":"auto","background-attachment":"scroll","background-type":"","background-media":"","overlay-type":"","overlay-color":"","overlay-opacity":"","overlay-gradient":""},"tablet":{"background-color":"","background-image":"","background-repeat":"repeat","background-position":"center center","background-size":"auto","background-attachment":"scroll","background-type":"","background-media":"","overlay-type":"","overlay-color":"","overlay-opacity":"","overlay-gradient":""},"mobile":{"background-color":"","background-image":"","background-repeat":"repeat","background-position":"center center","background-size":"auto","background-attachment":"scroll","background-type":"","background-media":"","overlay-type":"","overlay-color":"","overlay-opacity":"","overlay-gradient":""}},"ast-content-background-meta":{"desktop":{"background-color":"var(--ast-global-color-5)","background-image":"","background-repeat":"repeat","background-position":"center center","background-size":"auto","background-attachment":"scroll","background-type":"","background-media":"","overlay-type":"","overlay-color":"","overlay-opacity":"","overlay-gradient":""},"tablet":{"background-color":"var(--ast-global-color-5)","background-image":"","background-repeat":"repeat","background-position":"center center","background-size":"auto","background-attachment":"scroll","background-type":"","background-media":"","overlay-type":"","overlay-color":"","overlay-opacity":"","overlay-gradient":""},"mobile":{"background-color":"var(--ast-global-color-5)","background-image":"","background-repeat":"repeat","background-position":"center center","background-size":"auto","background-attachment":"scroll","background-type":"","background-media":"","overlay-type":"","overlay-color":"","overlay-opacity":"","overlay-gradient":""}},"footnotes":""},"categories":[3],"tags":[6,5,16,7],"class_list":["post-4038","post","type-post","status-publish","format-standard","has-post-thumbnail","hentry","category-actu_domaine_rivalais","tag-domainerivalais","tag-etang-rivalais","tag-site-peche-carpe-allier","tag-site-peche-carpe-auvergne"],"yoast_head":"<!-- This site is optimized with the Yoast SEO plugin v27.5 - https:\/\/yoast.com\/product\/yoast-seo-wordpress\/ -->\n<title>Cl\u00e9ment et Maxime qui auront port\u00e9 leur d\u00e9volu sur la voie romaine la semaine de... - DOMAINE RIVALAIS<\/title>\n<meta name=\"robots\" content=\"index, follow, max-snippet:-1, max-image-preview:large, max-video-preview:-1\" \/>\n<link rel=\"canonical\" href=\"http:\/\/www.etang-rivalais.fr\/nl\/clement-et-maxime-qui-auront-porte-leur-devolu-sur-la-voie-romaine-la-semaine-de\/\" \/>\n<meta property=\"og:locale\" content=\"nl_NL\" \/>\n<meta property=\"og:type\" content=\"article\" \/>\n<meta property=\"og:title\" content=\"Cl\u00e9ment et Maxime qui auront port\u00e9 leur d\u00e9volu sur la voie romaine la semaine de... - DOMAINE RIVALAIS\" \/>\n<meta property=\"og:description\" content=\"Cl\u00e9ment et Maxime qui auront port\u00e9 leur d\u00e9volu sur la voie romaine la semaine derni\u00e8re pour leur d\u00e9couverte du Domaine. [&hellip;]\" \/>\n<meta property=\"og:url\" content=\"http:\/\/www.etang-rivalais.fr\/nl\/clement-et-maxime-qui-auront-porte-leur-devolu-sur-la-voie-romaine-la-semaine-de\/\" \/>\n<meta property=\"og:site_name\" content=\"DOMAINE RIVALAIS\" \/>\n<meta property=\"article:publisher\" content=\"https:\/\/www.facebook.com\/domainerivalais\" \/>\n<meta property=\"article:published_time\" content=\"2021-09-29T16:21:21+00:00\" \/>\n<meta property=\"article:modified_time\" content=\"2026-03-14T19:16:01+00:00\" \/>\n<meta property=\"og:image\" content=\"http:\/\/www.etang-rivalais.fr\/wp-content\/uploads\/2021\/09\/243217645_1304400283353755_3810986201549963191_n.jpg\" \/>\n\t<meta property=\"og:image:width\" content=\"750\" \/>\n\t<meta property=\"og:image:height\" content=\"563\" \/>\n\t<meta property=\"og:image:type\" content=\"image\/jpeg\" \/>\n<meta name=\"author\" content=\"Equipe Rivalais\" \/>\n<meta name=\"twitter:card\" content=\"summary_large_image\" \/>\n<meta name=\"twitter:label1\" content=\"Geschreven door\" \/>\n\t<meta name=\"twitter:data1\" content=\"Equipe Rivalais\" \/>\n<script type=\"application\/ld+json\" class=\"yoast-schema-graph\">{\"@context\":\"https:\\\/\\\/schema.org\",\"@graph\":[{\"@type\":\"Article\",\"@id\":\"http:\\\/\\\/www.etang-rivalais.fr\\\/clement-et-maxime-qui-auront-porte-leur-devolu-sur-la-voie-romaine-la-semaine-de\\\/#article\",\"isPartOf\":{\"@id\":\"http:\\\/\\\/www.etang-rivalais.fr\\\/clement-et-maxime-qui-auront-porte-leur-devolu-sur-la-voie-romaine-la-semaine-de\\\/\"},\"author\":{\"name\":\"Equipe Rivalais\",\"@id\":\"https:\\\/\\\/www.etang-rivalais.fr\\\/#\\\/schema\\\/person\\\/614126b1d875277d3e23586f75ca2996\"},\"headline\":\"Cl\u00e9ment et Maxime qui auront port\u00e9 leur d\u00e9volu sur la voie romaine la semaine de&#8230;\",\"datePublished\":\"2021-09-29T16:21:21+00:00\",\"dateModified\":\"2026-03-14T19:16:01+00:00\",\"mainEntityOfPage\":{\"@id\":\"http:\\\/\\\/www.etang-rivalais.fr\\\/clement-et-maxime-qui-auront-porte-leur-devolu-sur-la-voie-romaine-la-semaine-de\\\/\"},\"wordCount\":80,\"publisher\":{\"@id\":\"https:\\\/\\\/www.etang-rivalais.fr\\\/#organization\"},\"image\":{\"@id\":\"http:\\\/\\\/www.etang-rivalais.fr\\\/clement-et-maxime-qui-auront-porte-leur-devolu-sur-la-voie-romaine-la-semaine-de\\\/#primaryimage\"},\"thumbnailUrl\":\"http:\\\/\\\/www.etang-rivalais.fr\\\/wp-content\\\/uploads\\\/2021\\\/09\\\/243217645_1304400283353755_3810986201549963191_n.jpg\",\"keywords\":[\"domainerivalais\",\"etang rivalais\",\"site peche carpe Allier\",\"site peche carpe auvergne\"],\"articleSection\":[\"L'Actu du Domaine Rivalais\"],\"inLanguage\":\"nl-NL\"},{\"@type\":\"WebPage\",\"@id\":\"http:\\\/\\\/www.etang-rivalais.fr\\\/clement-et-maxime-qui-auront-porte-leur-devolu-sur-la-voie-romaine-la-semaine-de\\\/\",\"url\":\"http:\\\/\\\/www.etang-rivalais.fr\\\/clement-et-maxime-qui-auront-porte-leur-devolu-sur-la-voie-romaine-la-semaine-de\\\/\",\"name\":\"Cl\u00e9ment et Maxime qui auront port\u00e9 leur d\u00e9volu sur la voie romaine la semaine de... - DOMAINE RIVALAIS\",\"isPartOf\":{\"@id\":\"https:\\\/\\\/www.etang-rivalais.fr\\\/#website\"},\"primaryImageOfPage\":{\"@id\":\"http:\\\/\\\/www.etang-rivalais.fr\\\/clement-et-maxime-qui-auront-porte-leur-devolu-sur-la-voie-romaine-la-semaine-de\\\/#primaryimage\"},\"image\":{\"@id\":\"http:\\\/\\\/www.etang-rivalais.fr\\\/clement-et-maxime-qui-auront-porte-leur-devolu-sur-la-voie-romaine-la-semaine-de\\\/#primaryimage\"},\"thumbnailUrl\":\"http:\\\/\\\/www.etang-rivalais.fr\\\/wp-content\\\/uploads\\\/2021\\\/09\\\/243217645_1304400283353755_3810986201549963191_n.jpg\",\"datePublished\":\"2021-09-29T16:21:21+00:00\",\"dateModified\":\"2026-03-14T19:16:01+00:00\",\"breadcrumb\":{\"@id\":\"http:\\\/\\\/www.etang-rivalais.fr\\\/clement-et-maxime-qui-auront-porte-leur-devolu-sur-la-voie-romaine-la-semaine-de\\\/#breadcrumb\"},\"inLanguage\":\"nl-NL\",\"potentialAction\":[{\"@type\":\"ReadAction\",\"target\":[\"http:\\\/\\\/www.etang-rivalais.fr\\\/clement-et-maxime-qui-auront-porte-leur-devolu-sur-la-voie-romaine-la-semaine-de\\\/\"]}]},{\"@type\":\"ImageObject\",\"inLanguage\":\"nl-NL\",\"@id\":\"http:\\\/\\\/www.etang-rivalais.fr\\\/clement-et-maxime-qui-auront-porte-leur-devolu-sur-la-voie-romaine-la-semaine-de\\\/#primaryimage\",\"url\":\"http:\\\/\\\/www.etang-rivalais.fr\\\/wp-content\\\/uploads\\\/2021\\\/09\\\/243217645_1304400283353755_3810986201549963191_n.jpg\",\"contentUrl\":\"http:\\\/\\\/www.etang-rivalais.fr\\\/wp-content\\\/uploads\\\/2021\\\/09\\\/243217645_1304400283353755_3810986201549963191_n.jpg\",\"width\":750,\"height\":563,\"caption\":\"DOMAINE RIVALAIS ETANG DE P\u00caCHE CARPES & CARNASSIERS A VERNUSSE EN ALLIER\"},{\"@type\":\"BreadcrumbList\",\"@id\":\"http:\\\/\\\/www.etang-rivalais.fr\\\/clement-et-maxime-qui-auront-porte-leur-devolu-sur-la-voie-romaine-la-semaine-de\\\/#breadcrumb\",\"itemListElement\":[{\"@type\":\"ListItem\",\"position\":1,\"name\":\"Accueil\",\"item\":\"https:\\\/\\\/www.etang-rivalais.fr\\\/\"},{\"@type\":\"ListItem\",\"position\":2,\"name\":\"Cl\u00e9ment et Maxime qui auront port\u00e9 leur d\u00e9volu sur la voie romaine la semaine de&#8230;\"}]},{\"@type\":\"WebSite\",\"@id\":\"https:\\\/\\\/www.etang-rivalais.fr\\\/#website\",\"url\":\"https:\\\/\\\/www.etang-rivalais.fr\\\/\",\"name\":\"DOMAINE RIVALAIS\",\"description\":\"Le site officiel du Domaine Rivalais (Allier 03)\",\"publisher\":{\"@id\":\"https:\\\/\\\/www.etang-rivalais.fr\\\/#organization\"},\"potentialAction\":[{\"@type\":\"SearchAction\",\"target\":{\"@type\":\"EntryPoint\",\"urlTemplate\":\"https:\\\/\\\/www.etang-rivalais.fr\\\/?s={search_term_string}\"},\"query-input\":{\"@type\":\"PropertyValueSpecification\",\"valueRequired\":true,\"valueName\":\"search_term_string\"}}],\"inLanguage\":\"nl-NL\"},{\"@type\":\"Organization\",\"@id\":\"https:\\\/\\\/www.etang-rivalais.fr\\\/#organization\",\"name\":\"DOMAINE RIVALAIS\",\"url\":\"https:\\\/\\\/www.etang-rivalais.fr\\\/\",\"logo\":{\"@type\":\"ImageObject\",\"inLanguage\":\"nl-NL\",\"@id\":\"https:\\\/\\\/www.etang-rivalais.fr\\\/#\\\/schema\\\/logo\\\/image\\\/\",\"url\":\"http:\\\/\\\/www.etang-rivalais.fr\\\/wp-content\\\/uploads\\\/2024\\\/10\\\/LOGO-DOMAINE-RIVALAIS-2025.png\",\"contentUrl\":\"http:\\\/\\\/www.etang-rivalais.fr\\\/wp-content\\\/uploads\\\/2024\\\/10\\\/LOGO-DOMAINE-RIVALAIS-2025.png\",\"width\":300,\"height\":300,\"caption\":\"DOMAINE RIVALAIS\"},\"image\":{\"@id\":\"https:\\\/\\\/www.etang-rivalais.fr\\\/#\\\/schema\\\/logo\\\/image\\\/\"},\"sameAs\":[\"https:\\\/\\\/www.facebook.com\\\/domainerivalais\",\"https:\\\/\\\/www.instagram.com\\\/domainerivalais\\\/\"]},{\"@type\":\"Person\",\"@id\":\"https:\\\/\\\/www.etang-rivalais.fr\\\/#\\\/schema\\\/person\\\/614126b1d875277d3e23586f75ca2996\",\"name\":\"Equipe Rivalais\",\"image\":{\"@type\":\"ImageObject\",\"inLanguage\":\"nl-NL\",\"@id\":\"https:\\\/\\\/secure.gravatar.com\\\/avatar\\\/1b4c85000ad132ff0bd0ab95f5202ba0f65bfa5d23845240e62e784c5a88b25a?s=96&d=mm&r=g\",\"url\":\"https:\\\/\\\/secure.gravatar.com\\\/avatar\\\/1b4c85000ad132ff0bd0ab95f5202ba0f65bfa5d23845240e62e784c5a88b25a?s=96&d=mm&r=g\",\"contentUrl\":\"https:\\\/\\\/secure.gravatar.com\\\/avatar\\\/1b4c85000ad132ff0bd0ab95f5202ba0f65bfa5d23845240e62e784c5a88b25a?s=96&d=mm&r=g\",\"caption\":\"Equipe Rivalais\"},\"url\":\"http:\\\/\\\/www.etang-rivalais.fr\\\/nl\\\/author\\\/team-rivalais\\\/\"}]}<\/script>\n<!-- \/ Yoast SEO plugin. -->","yoast_head_json":{"title":"Cl\u00e9ment et Maxime qui auront port\u00e9 leur d\u00e9volu sur la voie romaine la semaine de... - DOMAINE RIVALAIS","robots":{"index":"index","follow":"follow","max-snippet":"max-snippet:-1","max-image-preview":"max-image-preview:large","max-video-preview":"max-video-preview:-1"},"canonical":"http:\/\/www.etang-rivalais.fr\/nl\/clement-et-maxime-qui-auront-porte-leur-devolu-sur-la-voie-romaine-la-semaine-de\/","og_locale":"nl_NL","og_type":"article","og_title":"Cl\u00e9ment et Maxime qui auront port\u00e9 leur d\u00e9volu sur la voie romaine la semaine de... - DOMAINE RIVALAIS","og_description":"Cl\u00e9ment et Maxime qui auront port\u00e9 leur d\u00e9volu sur la voie romaine la semaine derni\u00e8re pour leur d\u00e9couverte du Domaine. [&hellip;]","og_url":"http:\/\/www.etang-rivalais.fr\/nl\/clement-et-maxime-qui-auront-porte-leur-devolu-sur-la-voie-romaine-la-semaine-de\/","og_site_name":"DOMAINE RIVALAIS","article_publisher":"https:\/\/www.facebook.com\/domainerivalais","article_published_time":"2021-09-29T16:21:21+00:00","article_modified_time":"2026-03-14T19:16:01+00:00","og_image":[{"width":750,"height":563,"url":"http:\/\/www.etang-rivalais.fr\/wp-content\/uploads\/2021\/09\/243217645_1304400283353755_3810986201549963191_n.jpg","type":"image\/jpeg"}],"author":"Equipe Rivalais","twitter_card":"summary_large_image","twitter_misc":{"Geschreven door":"Equipe Rivalais"},"schema":{"@context":"https:\/\/schema.org","@graph":[{"@type":"Article","@id":"http:\/\/www.etang-rivalais.fr\/clement-et-maxime-qui-auront-porte-leur-devolu-sur-la-voie-romaine-la-semaine-de\/#article","isPartOf":{"@id":"http:\/\/www.etang-rivalais.fr\/clement-et-maxime-qui-auront-porte-leur-devolu-sur-la-voie-romaine-la-semaine-de\/"},"author":{"name":"Equipe Rivalais","@id":"https:\/\/www.etang-rivalais.fr\/#\/schema\/person\/614126b1d875277d3e23586f75ca2996"},"headline":"Cl\u00e9ment et Maxime qui auront port\u00e9 leur d\u00e9volu sur la voie romaine la semaine de&#8230;","datePublished":"2021-09-29T16:21:21+00:00","dateModified":"2026-03-14T19:16:01+00:00","mainEntityOfPage":{"@id":"http:\/\/www.etang-rivalais.fr\/clement-et-maxime-qui-auront-porte-leur-devolu-sur-la-voie-romaine-la-semaine-de\/"},"wordCount":80,"publisher":{"@id":"https:\/\/www.etang-rivalais.fr\/#organization"},"image":{"@id":"http:\/\/www.etang-rivalais.fr\/clement-et-maxime-qui-auront-porte-leur-devolu-sur-la-voie-romaine-la-semaine-de\/#primaryimage"},"thumbnailUrl":"http:\/\/www.etang-rivalais.fr\/wp-content\/uploads\/2021\/09\/243217645_1304400283353755_3810986201549963191_n.jpg","keywords":["domainerivalais","etang rivalais","site peche carpe Allier","site peche carpe auvergne"],"articleSection":["L'Actu du Domaine Rivalais"],"inLanguage":"nl-NL"},{"@type":"WebPage","@id":"http:\/\/www.etang-rivalais.fr\/clement-et-maxime-qui-auront-porte-leur-devolu-sur-la-voie-romaine-la-semaine-de\/","url":"http:\/\/www.etang-rivalais.fr\/clement-et-maxime-qui-auront-porte-leur-devolu-sur-la-voie-romaine-la-semaine-de\/","name":"Cl\u00e9ment et Maxime qui auront port\u00e9 leur d\u00e9volu sur la voie romaine la semaine de... - DOMAINE RIVALAIS","isPartOf":{"@id":"https:\/\/www.etang-rivalais.fr\/#website"},"primaryImageOfPage":{"@id":"http:\/\/www.etang-rivalais.fr\/clement-et-maxime-qui-auront-porte-leur-devolu-sur-la-voie-romaine-la-semaine-de\/#primaryimage"},"image":{"@id":"http:\/\/www.etang-rivalais.fr\/clement-et-maxime-qui-auront-porte-leur-devolu-sur-la-voie-romaine-la-semaine-de\/#primaryimage"},"thumbnailUrl":"http:\/\/www.etang-rivalais.fr\/wp-content\/uploads\/2021\/09\/243217645_1304400283353755_3810986201549963191_n.jpg","datePublished":"2021-09-29T16:21:21+00:00","dateModified":"2026-03-14T19:16:01+00:00","breadcrumb":{"@id":"http:\/\/www.etang-rivalais.fr\/clement-et-maxime-qui-auront-porte-leur-devolu-sur-la-voie-romaine-la-semaine-de\/#breadcrumb"},"inLanguage":"nl-NL","potentialAction":[{"@type":"ReadAction","target":["http:\/\/www.etang-rivalais.fr\/clement-et-maxime-qui-auront-porte-leur-devolu-sur-la-voie-romaine-la-semaine-de\/"]}]},{"@type":"ImageObject","inLanguage":"nl-NL","@id":"http:\/\/www.etang-rivalais.fr\/clement-et-maxime-qui-auront-porte-leur-devolu-sur-la-voie-romaine-la-semaine-de\/#primaryimage","url":"http:\/\/www.etang-rivalais.fr\/wp-content\/uploads\/2021\/09\/243217645_1304400283353755_3810986201549963191_n.jpg","contentUrl":"http:\/\/www.etang-rivalais.fr\/wp-content\/uploads\/2021\/09\/243217645_1304400283353755_3810986201549963191_n.jpg","width":750,"height":563,"caption":"DOMAINE RIVALAIS ETANG DE P\u00caCHE CARPES & CARNASSIERS A VERNUSSE EN ALLIER"},{"@type":"BreadcrumbList","@id":"http:\/\/www.etang-rivalais.fr\/clement-et-maxime-qui-auront-porte-leur-devolu-sur-la-voie-romaine-la-semaine-de\/#breadcrumb","itemListElement":[{"@type":"ListItem","position":1,"name":"Accueil","item":"https:\/\/www.etang-rivalais.fr\/"},{"@type":"ListItem","position":2,"name":"Cl\u00e9ment et Maxime qui auront port\u00e9 leur d\u00e9volu sur la voie romaine la semaine de&#8230;"}]},{"@type":"WebSite","@id":"https:\/\/www.etang-rivalais.fr\/#website","url":"https:\/\/www.etang-rivalais.fr\/","name":"DOMEIN RIVALAIS","description":"Le site officiel du Domaine Rivalais (Allier 03)","publisher":{"@id":"https:\/\/www.etang-rivalais.fr\/#organization"},"potentialAction":[{"@type":"SearchAction","target":{"@type":"EntryPoint","urlTemplate":"https:\/\/www.etang-rivalais.fr\/?s={search_term_string}"},"query-input":{"@type":"PropertyValueSpecification","valueRequired":true,"valueName":"search_term_string"}}],"inLanguage":"nl-NL"},{"@type":"Organization","@id":"https:\/\/www.etang-rivalais.fr\/#organization","name":"DOMEIN RIVALAIS","url":"https:\/\/www.etang-rivalais.fr\/","logo":{"@type":"ImageObject","inLanguage":"nl-NL","@id":"https:\/\/www.etang-rivalais.fr\/#\/schema\/logo\/image\/","url":"http:\/\/www.etang-rivalais.fr\/wp-content\/uploads\/2024\/10\/LOGO-DOMAINE-RIVALAIS-2025.png","contentUrl":"http:\/\/www.etang-rivalais.fr\/wp-content\/uploads\/2024\/10\/LOGO-DOMAINE-RIVALAIS-2025.png","width":300,"height":300,"caption":"DOMAINE RIVALAIS"},"image":{"@id":"https:\/\/www.etang-rivalais.fr\/#\/schema\/logo\/image\/"},"sameAs":["https:\/\/www.facebook.com\/domainerivalais","https:\/\/www.instagram.com\/domainerivalais\/"]},{"@type":"Person","@id":"https:\/\/www.etang-rivalais.fr\/#\/schema\/person\/614126b1d875277d3e23586f75ca2996","name":"Equipe Rivalais","image":{"@type":"ImageObject","inLanguage":"nl-NL","@id":"https:\/\/secure.gravatar.com\/avatar\/1b4c85000ad132ff0bd0ab95f5202ba0f65bfa5d23845240e62e784c5a88b25a?s=96&d=mm&r=g","url":"https:\/\/secure.gravatar.com\/avatar\/1b4c85000ad132ff0bd0ab95f5202ba0f65bfa5d23845240e62e784c5a88b25a?s=96&d=mm&r=g","contentUrl":"https:\/\/secure.gravatar.com\/avatar\/1b4c85000ad132ff0bd0ab95f5202ba0f65bfa5d23845240e62e784c5a88b25a?s=96&d=mm&r=g","caption":"Equipe Rivalais"},"url":"http:\/\/www.etang-rivalais.fr\/nl\/author\/team-rivalais\/"}]}},"brizy_media":[],"_links":{"self":[{"href":"http:\/\/www.etang-rivalais.fr\/nl\/wp-json\/wp\/v2\/posts\/4038","targetHints":{"allow":["GET"]}}],"collection":[{"href":"http:\/\/www.etang-rivalais.fr\/nl\/wp-json\/wp\/v2\/posts"}],"about":[{"href":"http:\/\/www.etang-rivalais.fr\/nl\/wp-json\/wp\/v2\/types\/post"}],"author":[{"embeddable":true,"href":"http:\/\/www.etang-rivalais.fr\/nl\/wp-json\/wp\/v2\/users\/1"}],"replies":[{"embeddable":true,"href":"http:\/\/www.etang-rivalais.fr\/nl\/wp-json\/wp\/v2\/comments?post=4038"}],"version-history":[{"count":1,"href":"http:\/\/www.etang-rivalais.fr\/nl\/wp-json\/wp\/v2\/posts\/4038\/revisions"}],"predecessor-version":[{"id":11038,"href":"http:\/\/www.etang-rivalais.fr\/nl\/wp-json\/wp\/v2\/posts\/4038\/revisions\/11038"}],"wp:featuredmedia":[{"embeddable":true,"href":"http:\/\/www.etang-rivalais.fr\/nl\/wp-json\/wp\/v2\/media\/4039"}],"wp:attachment":[{"href":"http:\/\/www.etang-rivalais.fr\/nl\/wp-json\/wp\/v2\/media?parent=4038"}],"wp:term":[{"taxonomy":"category","embeddable":true,"href":"http:\/\/www.etang-rivalais.fr\/nl\/wp-json\/wp\/v2\/categories?post=4038"},{"taxonomy":"post_tag","embeddable":true,"href":"http:\/\/www.etang-rivalais.fr\/nl\/wp-json\/wp\/v2\/tags?post=4038"}],"curies":[{"name":"wp","href":"https:\/\/api.w.org\/{rel}","templated":true}]}}